{"id":3968,"date":"2024-04-26T10:06:54","date_gmt":"2024-04-26T08:06:54","guid":{"rendered":"https:\/\/catedradeltajo.es\/?p=3968"},"modified":"2024-04-26T10:47:39","modified_gmt":"2024-04-26T08:47:39","slug":"consultarree","status":"publish","type":"post","link":"https:\/\/catedradeltajo.es\/en\/consultarree\/","title":{"rendered":"The UCLM-Soliss Tagus Chair participates in the public consultation on the regulations governing the transfer through the Tagus-Segura aqueduct"},"content":{"rendered":"<ul>\n<li><strong>La C\u00e1tedra del Tajo UCLM-Soliss ha remitido su propuesta de nuevas reglas de explotaci\u00f3n del Trasvase Tajo-Segura adaptadas a los caudales m\u00ednimos establecidos en el Plan Hidrol\u00f3gico de febrero de 2023<\/strong><\/li>\n<li><strong>Esta propuesta se considera que es la mejor opci\u00f3n cient\u00edfico-t\u00e9cnica dentro del marco legal de modificaci\u00f3n que ha sido previsto<\/strong><\/li>\n<li><strong>Se recuerda que este proceso de modificaci\u00f3n deber\u00eda haberse concluido en febrero de 2024<\/strong><\/li>\n<\/ul>\n<p>Dentro del periodo de \u00abconsulta p\u00fablica previa a la aprobaci\u00f3n del proyecto de Real Decreto por el que se modifica el Decreto 773\/2014, de 12 de septiembre, por el que se aprueban diversas normas reguladoras del trasvase por el acueducto Tajo-Segura\u00bb, la C\u00e1tedra del Tajo UCLM-Soliss ha presentado una <a href=\"https:\/\/catedradeltajo.es\/wp-content\/uploads\/2024\/04\/Aportacion-Catedra-del-Tajo-UCLM-Soliss-proceso-consultas-4-paginas.pdf\">propuesta<\/a> dentro de su\u00a0 cometido como equipo de investigaci\u00f3n y como centro de conocimiento de la Universidad de Castilla-La Mancha, en aras del compromiso de la universidad y sus investigadores con la sociedad. Con esta propuesta se pretende informar de lo que se considera que es la mejor opci\u00f3n cient\u00edfico-t\u00e9cnica para la modificaci\u00f3n de las Reglas de Explotaci\u00f3n que ha sido prevista.<\/p>\n<p>En el texto de la consulta p\u00fablica se indica que la finalidad de la norma objeto de la consulta es <strong>modificar parcialmente<\/strong> el Real Decreto 773\/2014 para adaptarlo \u201ca las circunstancias derivadas de la aprobaci\u00f3n de los planes hidrol\u00f3gicos de las demarcaciones intercomunitarias, para el tercer ciclo de planificaci\u00f3n\u201d. Tambi\u00e9n que, en lo que se refiere al Plan Hidrol\u00f3gico de la parte espa\u00f1ola de la Demarcaci\u00f3n Hidrogr\u00e1fica del Tajo, \u201cse circunscribe a la necesidad de adaptar las reglas de explotaci\u00f3n del<strong> trasvase Tajo-Segura a la realidad hidrol\u00f3gica derivada de la implantaci\u00f3n de un r\u00e9gimen de caudales ecol\u00f3gicos<\/strong> en el conjunto de las masas de agua presentes en la demarcaci\u00f3n del Tajo, de acuerdo a lo dispuesto por la normativa vigente en materia de planificaci\u00f3n hidrol\u00f3gica y en cumplimiento de las diferentes sentencias del Tribunal Supremo\u201d. Indicando expresamente \u201cla limitaci\u00f3n de <strong>afectar, \u00fanicamente, a aquellos aspectos que pueden ser modificados a trav\u00e9s del desarrollo reglamentario<\/strong>\u201d.<\/p>\n<p>Una limitaci\u00f3n que se encuentra en la propia disposici\u00f3n adicional quinta de la Ley 21\/2015 que define las Reglas de Explotaci\u00f3n del Trasvase, que permite modificar determinados par\u00e1metros de estas Reglas con \u201c<strong>el \u00fanico objetivo de dotar de mayor estabilidad interanual a los suministros, minimizando la presentaci\u00f3n de situaciones hidrol\u00f3gicas excepcionales<\/strong> a las que se refiere el nivel 3\u201d.<\/p>\n<p>Teniendo en cuenta este marco en el que se plantea el proceso de consultas p\u00fablicas, la C\u00e1tedra del Tajo UCLM-Soliss ha enviado al Ministerio para la Transici\u00f3n Ecol\u00f3gica y Reto Demogr\u00e1fico (Miteco) <a href=\"https:\/\/catedradeltajo.es\/wp-content\/uploads\/2024\/04\/Aportacion-Catedra-del-Tajo-UCLM-Soliss-proceso-consultas-4-paginas.pdf\">un documento en el que plantea unas reglas de explotaci\u00f3n<\/a> que har\u00edan compatibles el mantenimiento de los caudales m\u00ednimos del Plan Hidrol\u00f3gico con la mayor estabilidad a los suministros, minimizando las situaciones de excepcionalidad. Junto a \u00e9l, se ha anexado el <a href=\"https:\/\/catedradeltajo.es\/wp-content\/uploads\/2023\/10\/Modificacion-RREE-julio-2023_AMREEB-con-Informe-tecnico_baja.pdf\">Access to the Report<\/a> de 84 p\u00e1ginas elaborado en julio de 2023 en el que se hace un estudio detallado de la adaptaci\u00f3n de los caudales m\u00ednimos a las reglas de explotaci\u00f3n del Trasvase as\u00ed como una justificaci\u00f3n t\u00e9cnica de la propuesta, elaborada por el experto en el trasvase Tajo Segura, <a href=\"https:\/\/dialnet.unirioja.es\/servlet\/tesis?codigo=248583\">Antonio de Lucas<\/a>.<\/p>\n<p><strong><em>Tabla 1.<\/em><\/strong><em> Propuesta de modificaci\u00f3n de las reglas de explotaci\u00f3n del trasvase Tajo-Segura <\/em><\/p>\n<table style=\"height: 388px;\" width=\"1465\">\n<thead>\n<tr>\n<td style=\"text-align: center;\" width=\"151\"><\/td>\n<td style=\"text-align: center;\" width=\"91\"><strong>UmN1Ap12m<\/strong><\/td>\n<td style=\"text-align: center;\" width=\"83\">\n<p style=\"text-align: center;\"><strong>UmN1Vol<\/strong><\/p>\n<\/td>\n<td style=\"text-align: center;\" width=\"83\"><strong>TrasN1<\/strong><\/td>\n<td style=\"text-align: center;\" width=\"83\"><strong>TrasN2<\/strong><\/td>\n<td style=\"text-align: center;\" width=\"83\"><strong>TrasN3<\/strong><\/td>\n<\/tr>\n<\/thead>\n<tbody>\n<tr>\n<td width=\"151\">Reglas Explotaci\u00f3n 2021 (vigentes)<\/td>\n<td width=\"91\">\n<p style=\"text-align: center;\">1.400 hm\u00b3<\/p>\n<\/td>\n<td width=\"83\">\n<p style=\"text-align: center;\">1.500 hm\u00b3<\/p>\n<\/td>\n<td width=\"83\">\n<p style=\"text-align: center;\">60 hm\u00b3<\/p>\n<\/td>\n<td width=\"83\">\n<p style=\"text-align: center;\">27 hm\u00b3<\/p>\n<\/td>\n<td width=\"83\">\n<p style=\"text-align: center;\">20 hm\u00b3<\/p>\n<\/td>\n<\/tr>\n<tr>\n<td width=\"151\"><strong>Propuesta C\u00e1tedra del Tajo:<\/strong><\/td>\n<td width=\"91\"><\/td>\n<td width=\"83\"><\/td>\n<td width=\"83\"><\/td>\n<td width=\"83\"><\/td>\n<td width=\"83\"><\/td>\n<\/tr>\n<tr>\n<td width=\"151\">\n<p style=\"text-align: left;\">\u00a0\u00a0\u00a0\u00a0\u00a0\u00a0 Hasta 2026<\/p>\n<\/td>\n<td style=\"text-align: left;\" width=\"91\">\n<p style=\"text-align: center;\">1.400 hm\u00b3<\/p>\n<\/td>\n<td style=\"text-align: center;\" width=\"83\">2.000 hm\u00b3<\/td>\n<td style=\"text-align: center;\" width=\"83\">60 hm\u00b3<\/td>\n<td style=\"text-align: center;\" width=\"83\">16 hm\u00b3<\/td>\n<td style=\"text-align: left;\" width=\"83\">\n<p style=\"text-align: center;\">8 hm\u00b3<\/p>\n<\/td>\n<\/tr>\n<tr>\n<td width=\"151\">\n<p style=\"text-align: left;\">\u00a0\u00a0\u00a0\u00a0\u00a0\u00a0 Durante 2026<\/p>\n<\/td>\n<td width=\"91\">\n<p style=\"text-align: center;\">1.400 hm\u00b3<\/p>\n<\/td>\n<td style=\"text-align: center;\" width=\"83\">2.000 hm\u00b3<\/td>\n<td style=\"text-align: center;\" width=\"83\">60 hm\u00b3<\/td>\n<td style=\"text-align: center;\" width=\"83\">13 hm\u00b3<\/td>\n<td width=\"83\">\n<p style=\"text-align: center;\">8 hm\u00b3<\/p>\n<\/td>\n<\/tr>\n<tr>\n<td style=\"text-align: center;\" width=\"151\">\n<p style=\"text-align: left;\">\u00a0\u00a0\u00a0\u00a0\u00a0\u00a0 Durante 2027<\/p>\n<\/td>\n<td style=\"text-align: center;\" width=\"91\">1.400 hm\u00b3<\/td>\n<td width=\"83\">\n<p style=\"text-align: center;\">2.000 hm\u00b3<\/p>\n<\/td>\n<td width=\"83\">\n<p style=\"text-align: center;\">60 hm\u00b3<\/p>\n<\/td>\n<td width=\"83\">\n<p style=\"text-align: center;\">11 hm\u00b3<\/p>\n<\/td>\n<td width=\"83\">\n<p style=\"text-align: center;\">8 hm\u00b3<\/p>\n<\/td>\n<\/tr>\n<\/tbody>\n<\/table>\n<p><em>Nota: UmN1Ap12m: umbral de aportaciones acumuladas en los 12 meses anteriores que permiten el paso al nivel 1; UmN1Vol: umbral de existencias embalsadas en Entrepe\u00f1as y Buend\u00eda que permiten el paso al Nivel 1; TrasN1: volumen de trasvase mensual correspondientes al nivel 1; TrasN2: volumen de trasvase mensual correspondientes al nivel 2; TrasN3: m\u00e1ximo volumen de trasvase mensual que se puede autorizar en nivel 3.<\/em><\/p>\n<p>Esta propuesta <a href=\"https:\/\/catedradeltajo.es\/la-catedra-del-tajo-uclm-soliss-y-amreeb-proponen-unas-nuevas-reglas-de-explotacion-del-trasvase-tajo-segura-necesarias-ante-los-nuevos-caudales-minimos-del-tajo\/\">ya fue presentada por la C\u00e1tedra del Tajo UCLM-Soliss<\/a> en el mes de octubre de 2023 y enviada al Miteco para ser valorada de cara a las exigencias del Plan Hidrol\u00f3gico de la cuenca del Tajo de modificaci\u00f3n de las reglas de explotaci\u00f3n del Trasvase Tajo-Segura. Esta modificaci\u00f3n deber\u00eda haber entrado en vigor, de acuerdo con los plazos legales, en febrero de 2024.<\/p>","protected":false},"excerpt":{"rendered":"<p>La C\u00e1tedra del Tajo UCLM-Soliss ha remitido su propuesta de nuevas reglas de explotaci\u00f3n del Trasvase Tajo-Segura adaptadas a los caudales m\u00ednimos establecidos en el Plan<span class=\"excerpt-hellip\"> [\u2026]<\/span><\/p>\n","protected":false},"author":4,"featured_media":3974,"comment_status":"closed","ping_status":"closed","sticky":false,"template":"","format":"standard","meta":{"footnotes":""},"categories":[1],"tags":[14,16,15],"class_list":["post-3968","post","type-post","status-publish","format-standard","has-post-thumbnail","hentry","category-notas-de-prensa","tag-caudales-ecologicos","tag-tajo-segura","tag-trasvase"],"yoast_head":"<!-- This site is optimized with the Yoast SEO plugin v27.4 - https:\/\/yoast.com\/product\/yoast-seo-wordpress\/ -->\n<title>La C\u00e1tedra del Tajo UCLM-Soliss participa en la consulta p\u00fablica sobre las normas reguladoras del trasvase por el acueducto Tajo-Segura &#8211; C\u00e1tedra del Tajo<\/title>\n<meta name=\"robots\" content=\"index, follow, max-snippet:-1, max-image-preview:large, max-video-preview:-1\" \/>\n<link rel=\"canonical\" href=\"https:\/\/catedradeltajo.es\/en\/consultarree\/\" \/>\n<meta property=\"og:locale\" content=\"en_US\" \/>\n<meta property=\"og:type\" content=\"article\" \/>\n<meta property=\"og:title\" content=\"La C\u00e1tedra del Tajo UCLM-Soliss participa en la consulta p\u00fablica sobre las normas reguladoras del trasvase por el acueducto Tajo-Segura &#8211; C\u00e1tedra del Tajo\" \/>\n<meta property=\"og:description\" content=\"La C\u00e1tedra del Tajo UCLM-Soliss ha remitido su propuesta de nuevas reglas de explotaci\u00f3n del Trasvase Tajo-Segura adaptadas a los caudales m\u00ednimos establecidos en el Plan [\u2026]\" \/>\n<meta property=\"og:url\" content=\"https:\/\/catedradeltajo.es\/en\/consultarree\/\" \/>\n<meta property=\"og:site_name\" content=\"C\u00e1tedra del Tajo\" \/>\n<meta property=\"article:published_time\" content=\"2024-04-26T08:06:54+00:00\" \/>\n<meta property=\"article:modified_time\" content=\"2024-04-26T08:47:39+00:00\" \/>\n<meta property=\"og:image\" content=\"https:\/\/catedradeltajo.es\/wp-content\/uploads\/2024\/04\/cartel-web.jpg\" \/>\n\t<meta property=\"og:image:width\" content=\"2245\" \/>\n\t<meta property=\"og:image:height\" content=\"1587\" \/>\n\t<meta property=\"og:image:type\" content=\"image\/jpeg\" \/>\n<meta name=\"author\" content=\"Beatriz\" \/>\n<meta name=\"twitter:card\" content=\"summary_large_image\" \/>\n<meta name=\"twitter:creator\" content=\"@OMontesion\" \/>\n<meta name=\"twitter:site\" content=\"@OMontesion\" \/>\n<meta name=\"twitter:label1\" content=\"Written by\" \/>\n\t<meta name=\"twitter:data1\" content=\"Beatriz\" \/>\n\t<meta name=\"twitter:label2\" content=\"Est. reading time\" \/>\n\t<meta name=\"twitter:data2\" content=\"4 minutes\" \/>\n<script type=\"application\/ld+json\" class=\"yoast-schema-graph\">{\"@context\":\"https:\\\/\\\/schema.org\",\"@graph\":[{\"@type\":\"Article\",\"@id\":\"https:\\\/\\\/catedradeltajo.es\\\/consultarree\\\/#article\",\"isPartOf\":{\"@id\":\"https:\\\/\\\/catedradeltajo.es\\\/consultarree\\\/\"},\"author\":{\"name\":\"Beatriz\",\"@id\":\"https:\\\/\\\/catedradeltajo.es\\\/#\\\/schema\\\/person\\\/e7ed333d87cc92d2fd4487ce0b78a075\"},\"headline\":\"La C\u00e1tedra del Tajo UCLM-Soliss participa en la consulta p\u00fablica sobre las normas reguladoras del trasvase por el acueducto Tajo-Segura\",\"datePublished\":\"2024-04-26T08:06:54+00:00\",\"dateModified\":\"2024-04-26T08:47:39+00:00\",\"mainEntityOfPage\":{\"@id\":\"https:\\\/\\\/catedradeltajo.es\\\/consultarree\\\/\"},\"wordCount\":773,\"publisher\":{\"@id\":\"https:\\\/\\\/catedradeltajo.es\\\/#organization\"},\"image\":{\"@id\":\"https:\\\/\\\/catedradeltajo.es\\\/consultarree\\\/#primaryimage\"},\"thumbnailUrl\":\"https:\\\/\\\/catedradeltajo.es\\\/wp-content\\\/uploads\\\/2024\\\/04\\\/cartel-web.jpg\",\"keywords\":[\"Caudales Ecol\u00f3gicos\",\"Tajo-Segura\",\"Trasvase\"],\"articleSection\":[\"Notas de prensa\"],\"inLanguage\":\"en-US\"},{\"@type\":\"WebPage\",\"@id\":\"https:\\\/\\\/catedradeltajo.es\\\/consultarree\\\/\",\"url\":\"https:\\\/\\\/catedradeltajo.es\\\/consultarree\\\/\",\"name\":\"La C\u00e1tedra del Tajo UCLM-Soliss participa en la consulta p\u00fablica sobre las normas reguladoras del trasvase por el acueducto Tajo-Segura &#8211; C\u00e1tedra del Tajo\",\"isPartOf\":{\"@id\":\"https:\\\/\\\/catedradeltajo.es\\\/#website\"},\"primaryImageOfPage\":{\"@id\":\"https:\\\/\\\/catedradeltajo.es\\\/consultarree\\\/#primaryimage\"},\"image\":{\"@id\":\"https:\\\/\\\/catedradeltajo.es\\\/consultarree\\\/#primaryimage\"},\"thumbnailUrl\":\"https:\\\/\\\/catedradeltajo.es\\\/wp-content\\\/uploads\\\/2024\\\/04\\\/cartel-web.jpg\",\"datePublished\":\"2024-04-26T08:06:54+00:00\",\"dateModified\":\"2024-04-26T08:47:39+00:00\",\"breadcrumb\":{\"@id\":\"https:\\\/\\\/catedradeltajo.es\\\/consultarree\\\/#breadcrumb\"},\"inLanguage\":\"en-US\",\"potentialAction\":[{\"@type\":\"ReadAction\",\"target\":[\"https:\\\/\\\/catedradeltajo.es\\\/consultarree\\\/\"]}]},{\"@type\":\"ImageObject\",\"inLanguage\":\"en-US\",\"@id\":\"https:\\\/\\\/catedradeltajo.es\\\/consultarree\\\/#primaryimage\",\"url\":\"https:\\\/\\\/catedradeltajo.es\\\/wp-content\\\/uploads\\\/2024\\\/04\\\/cartel-web.jpg\",\"contentUrl\":\"https:\\\/\\\/catedradeltajo.es\\\/wp-content\\\/uploads\\\/2024\\\/04\\\/cartel-web.jpg\",\"width\":2245,\"height\":1587},{\"@type\":\"BreadcrumbList\",\"@id\":\"https:\\\/\\\/catedradeltajo.es\\\/consultarree\\\/#breadcrumb\",\"itemListElement\":[{\"@type\":\"ListItem\",\"position\":1,\"name\":\"Portada\",\"item\":\"https:\\\/\\\/catedradeltajo.es\\\/\"},{\"@type\":\"ListItem\",\"position\":2,\"name\":\"La C\u00e1tedra del Tajo UCLM-Soliss participa en la consulta p\u00fablica sobre las normas reguladoras del trasvase por el acueducto Tajo-Segura\"}]},{\"@type\":\"WebSite\",\"@id\":\"https:\\\/\\\/catedradeltajo.es\\\/#website\",\"url\":\"https:\\\/\\\/catedradeltajo.es\\\/\",\"name\":\"Incendio de Montesi\u00f3n\",\"description\":\"C\u00e1tedra sobre el r\u00edo Tajo de la UCLM y la Fundaci\u00f3n SOLISS\",\"publisher\":{\"@id\":\"https:\\\/\\\/catedradeltajo.es\\\/#organization\"},\"potentialAction\":[{\"@type\":\"SearchAction\",\"target\":{\"@type\":\"EntryPoint\",\"urlTemplate\":\"https:\\\/\\\/catedradeltajo.es\\\/?s={search_term_string}\"},\"query-input\":{\"@type\":\"PropertyValueSpecification\",\"valueRequired\":true,\"valueName\":\"search_term_string\"}}],\"inLanguage\":\"en-US\"},{\"@type\":\"Organization\",\"@id\":\"https:\\\/\\\/catedradeltajo.es\\\/#organization\",\"name\":\"Observatorio de la Evoluci\u00f3n del Incendio de Montesi\u00f3n\",\"url\":\"https:\\\/\\\/catedradeltajo.es\\\/\",\"logo\":{\"@type\":\"ImageObject\",\"inLanguage\":\"en-US\",\"@id\":\"https:\\\/\\\/catedradeltajo.es\\\/#\\\/schema\\\/logo\\\/image\\\/\",\"url\":\"https:\\\/\\\/catedradeltajo.es\\\/wp-content\\\/uploads\\\/2021\\\/09\\\/105943627_929275060916590_5631063699459450491_n.jpg\",\"contentUrl\":\"https:\\\/\\\/catedradeltajo.es\\\/wp-content\\\/uploads\\\/2021\\\/09\\\/105943627_929275060916590_5631063699459450491_n.jpg\",\"width\":150,\"height\":150,\"caption\":\"Observatorio de la Evoluci\u00f3n del Incendio de Montesi\u00f3n\"},\"image\":{\"@id\":\"https:\\\/\\\/catedradeltajo.es\\\/#\\\/schema\\\/logo\\\/image\\\/\"},\"sameAs\":[\"https:\\\/\\\/x.com\\\/OMontesion\",\"https:\\\/\\\/www.instagram.com\\\/omontesion\\\/\"]},{\"@type\":\"Person\",\"@id\":\"https:\\\/\\\/catedradeltajo.es\\\/#\\\/schema\\\/person\\\/e7ed333d87cc92d2fd4487ce0b78a075\",\"name\":\"Beatriz\"}]}<\/script>\n<!-- \/ Yoast SEO plugin. -->","yoast_head_json":{"title":"La C\u00e1tedra del Tajo UCLM-Soliss participa en la consulta p\u00fablica sobre las normas reguladoras del trasvase por el acueducto Tajo-Segura &#8211; C\u00e1tedra del Tajo","robots":{"index":"index","follow":"follow","max-snippet":"max-snippet:-1","max-image-preview":"max-image-preview:large","max-video-preview":"max-video-preview:-1"},"canonical":"https:\/\/catedradeltajo.es\/en\/consultarree\/","og_locale":"en_US","og_type":"article","og_title":"La C\u00e1tedra del Tajo UCLM-Soliss participa en la consulta p\u00fablica sobre las normas reguladoras del trasvase por el acueducto Tajo-Segura &#8211; C\u00e1tedra del Tajo","og_description":"La C\u00e1tedra del Tajo UCLM-Soliss ha remitido su propuesta de nuevas reglas de explotaci\u00f3n del Trasvase Tajo-Segura adaptadas a los caudales m\u00ednimos establecidos en el Plan [\u2026]","og_url":"https:\/\/catedradeltajo.es\/en\/consultarree\/","og_site_name":"C\u00e1tedra del Tajo","article_published_time":"2024-04-26T08:06:54+00:00","article_modified_time":"2024-04-26T08:47:39+00:00","og_image":[{"width":2245,"height":1587,"url":"https:\/\/catedradeltajo.es\/wp-content\/uploads\/2024\/04\/cartel-web.jpg","type":"image\/jpeg"}],"author":"Beatriz","twitter_card":"summary_large_image","twitter_creator":"@OMontesion","twitter_site":"@OMontesion","twitter_misc":{"Written by":"Beatriz","Est. reading time":"4 minutes"},"schema":{"@context":"https:\/\/schema.org","@graph":[{"@type":"Article","@id":"https:\/\/catedradeltajo.es\/consultarree\/#article","isPartOf":{"@id":"https:\/\/catedradeltajo.es\/consultarree\/"},"author":{"name":"Beatriz","@id":"https:\/\/catedradeltajo.es\/#\/schema\/person\/e7ed333d87cc92d2fd4487ce0b78a075"},"headline":"La C\u00e1tedra del Tajo UCLM-Soliss participa en la consulta p\u00fablica sobre las normas reguladoras del trasvase por el acueducto Tajo-Segura","datePublished":"2024-04-26T08:06:54+00:00","dateModified":"2024-04-26T08:47:39+00:00","mainEntityOfPage":{"@id":"https:\/\/catedradeltajo.es\/consultarree\/"},"wordCount":773,"publisher":{"@id":"https:\/\/catedradeltajo.es\/#organization"},"image":{"@id":"https:\/\/catedradeltajo.es\/consultarree\/#primaryimage"},"thumbnailUrl":"https:\/\/catedradeltajo.es\/wp-content\/uploads\/2024\/04\/cartel-web.jpg","keywords":["Caudales Ecol\u00f3gicos","Tajo-Segura","Trasvase"],"articleSection":["Notas de prensa"],"inLanguage":"en-US"},{"@type":"WebPage","@id":"https:\/\/catedradeltajo.es\/consultarree\/","url":"https:\/\/catedradeltajo.es\/consultarree\/","name":"La C\u00e1tedra del Tajo UCLM-Soliss participa en la consulta p\u00fablica sobre las normas reguladoras del trasvase por el acueducto Tajo-Segura &#8211; C\u00e1tedra del Tajo","isPartOf":{"@id":"https:\/\/catedradeltajo.es\/#website"},"primaryImageOfPage":{"@id":"https:\/\/catedradeltajo.es\/consultarree\/#primaryimage"},"image":{"@id":"https:\/\/catedradeltajo.es\/consultarree\/#primaryimage"},"thumbnailUrl":"https:\/\/catedradeltajo.es\/wp-content\/uploads\/2024\/04\/cartel-web.jpg","datePublished":"2024-04-26T08:06:54+00:00","dateModified":"2024-04-26T08:47:39+00:00","breadcrumb":{"@id":"https:\/\/catedradeltajo.es\/consultarree\/#breadcrumb"},"inLanguage":"en-US","potentialAction":[{"@type":"ReadAction","target":["https:\/\/catedradeltajo.es\/consultarree\/"]}]},{"@type":"ImageObject","inLanguage":"en-US","@id":"https:\/\/catedradeltajo.es\/consultarree\/#primaryimage","url":"https:\/\/catedradeltajo.es\/wp-content\/uploads\/2024\/04\/cartel-web.jpg","contentUrl":"https:\/\/catedradeltajo.es\/wp-content\/uploads\/2024\/04\/cartel-web.jpg","width":2245,"height":1587},{"@type":"BreadcrumbList","@id":"https:\/\/catedradeltajo.es\/consultarree\/#breadcrumb","itemListElement":[{"@type":"ListItem","position":1,"name":"Portada","item":"https:\/\/catedradeltajo.es\/"},{"@type":"ListItem","position":2,"name":"La C\u00e1tedra del Tajo UCLM-Soliss participa en la consulta p\u00fablica sobre las normas reguladoras del trasvase por el acueducto Tajo-Segura"}]},{"@type":"WebSite","@id":"https:\/\/catedradeltajo.es\/#website","url":"https:\/\/catedradeltajo.es\/","name":"Incendio de Montesi\u00f3n","description":"C\u00e1tedra sobre el r\u00edo Tajo de la UCLM y la Fundaci\u00f3n SOLISS","publisher":{"@id":"https:\/\/catedradeltajo.es\/#organization"},"potentialAction":[{"@type":"SearchAction","target":{"@type":"EntryPoint","urlTemplate":"https:\/\/catedradeltajo.es\/?s={search_term_string}"},"query-input":{"@type":"PropertyValueSpecification","valueRequired":true,"valueName":"search_term_string"}}],"inLanguage":"en-US"},{"@type":"Organization","@id":"https:\/\/catedradeltajo.es\/#organization","name":"Observatorio de la Evoluci\u00f3n del Incendio de Montesi\u00f3n","url":"https:\/\/catedradeltajo.es\/","logo":{"@type":"ImageObject","inLanguage":"en-US","@id":"https:\/\/catedradeltajo.es\/#\/schema\/logo\/image\/","url":"https:\/\/catedradeltajo.es\/wp-content\/uploads\/2021\/09\/105943627_929275060916590_5631063699459450491_n.jpg","contentUrl":"https:\/\/catedradeltajo.es\/wp-content\/uploads\/2021\/09\/105943627_929275060916590_5631063699459450491_n.jpg","width":150,"height":150,"caption":"Observatorio de la Evoluci\u00f3n del Incendio de Montesi\u00f3n"},"image":{"@id":"https:\/\/catedradeltajo.es\/#\/schema\/logo\/image\/"},"sameAs":["https:\/\/x.com\/OMontesion","https:\/\/www.instagram.com\/omontesion\/"]},{"@type":"Person","@id":"https:\/\/catedradeltajo.es\/#\/schema\/person\/e7ed333d87cc92d2fd4487ce0b78a075","name":"Beatriz"}]}},"_links":{"self":[{"href":"https:\/\/catedradeltajo.es\/en\/wp-json\/wp\/v2\/posts\/3968","targetHints":{"allow":["GET"]}}],"collection":[{"href":"https:\/\/catedradeltajo.es\/en\/wp-json\/wp\/v2\/posts"}],"about":[{"href":"https:\/\/catedradeltajo.es\/en\/wp-json\/wp\/v2\/types\/post"}],"author":[{"embeddable":true,"href":"https:\/\/catedradeltajo.es\/en\/wp-json\/wp\/v2\/users\/4"}],"replies":[{"embeddable":true,"href":"https:\/\/catedradeltajo.es\/en\/wp-json\/wp\/v2\/comments?post=3968"}],"version-history":[{"count":3,"href":"https:\/\/catedradeltajo.es\/en\/wp-json\/wp\/v2\/posts\/3968\/revisions"}],"predecessor-version":[{"id":3976,"href":"https:\/\/catedradeltajo.es\/en\/wp-json\/wp\/v2\/posts\/3968\/revisions\/3976"}],"wp:featuredmedia":[{"embeddable":true,"href":"https:\/\/catedradeltajo.es\/en\/wp-json\/wp\/v2\/media\/3974"}],"wp:attachment":[{"href":"https:\/\/catedradeltajo.es\/en\/wp-json\/wp\/v2\/media?parent=3968"}],"wp:term":[{"taxonomy":"category","embeddable":true,"href":"https:\/\/catedradeltajo.es\/en\/wp-json\/wp\/v2\/categories?post=3968"},{"taxonomy":"post_tag","embeddable":true,"href":"https:\/\/catedradeltajo.es\/en\/wp-json\/wp\/v2\/tags?post=3968"}],"curies":[{"name":"wp","href":"https:\/\/api.w.org\/{rel}","templated":true}]}}