{"id":3775,"date":"2023-03-31T11:12:40","date_gmt":"2023-03-31T09:12:40","guid":{"rendered":"https:\/\/catedradeltajo.es\/?p=3775"},"modified":"2023-05-22T11:52:42","modified_gmt":"2023-05-22T09:52:42","slug":"jornada-tecnica-sobre-el-plan-hidrologico-del-tajo","status":"publish","type":"post","link":"https:\/\/catedradeltajo.es\/en\/jornada-tecnica-sobre-el-plan-hidrologico-del-tajo\/","title":{"rendered":"Technical conference on the Tagus Hydrological Plan"},"content":{"rendered":"<ul>\n<li><strong>La C\u00e1tedra del Tajo de la UCLM y la Fundaci\u00f3n Soliss organiza una jornada con expertos para tratar las principales novedades del Plan Hidrol\u00f3gico<\/strong><\/li>\n<\/ul>\n<p>El pasado mes de febrero fueron aprobados, a trav\u00e9s del <a href=\"https:\/\/www.boe.es\/diario_boe\/txt.php?id=BOE-A-2023-3511\">Real Decreto 35\/2023<\/a>, los planes hidrol\u00f3gicos del tercer ciclo de planificaci\u00f3n (2022-2027) de las demarcaciones intercomunitarias, entre ellos el <strong>Plan Hidrol\u00f3gico de la parte espa\u00f1ola de la demarcaci\u00f3n hidrol\u00f3gica del Tajo<\/strong>. El proceso de tramitaci\u00f3n del Plan del Tajo y del RD 35\/2023 ha tenido una importante repercusi\u00f3n medi\u00e1tica, pol\u00edtica y social, con interpretaciones de su contenido que han generado mucha confusi\u00f3n y, en ocasiones, no se corresponden con la realidad.<\/p>\n<p>Con la organizaci\u00f3n de esta jornada t\u00e9cnica, la C\u00e1tedra del Tajo UCLM-Soliss de la Universidad de Castilla-La Mancha y la Fundaci\u00f3n Soliss busca aclarar malentendidos y se\u00f1alar las principales implicaciones del Plan hidrol\u00f3gico del Tajo 2022-2027 para la recuperaci\u00f3n del buen estado de las masas de agua. La jornada se centrar\u00e1 en el contenido del Plan, del RD y del <em>Programa especial de seguimiento del estado de las masas de agua y de la sostenibilidad de los aprovechamientos en el \u00e1mbito del acueducto Tajo-Segura<\/em> que acompa\u00f1ar\u00e1 y condiciona la implementaci\u00f3n del Plan.<\/p>\n<p>El seminario se celebrar\u00e1 en el Aula Magna de la Facultad de Ciencias Jur\u00eddicas y Sociales del Campus de Toledo de la Universidad de Castilla-La Mancha y ser\u00e1 retransmitido por <em>streaming<\/em> a trav\u00e9s del canal de youtube de la C\u00e1tedra del Tajo: <a href=\"https:\/\/www.youtube.com\/@catedradeltajo1581\">https:\/\/www.youtube.com\/@catedradeltajo1581<\/a><\/p>\n<p><strong>\u00a0<\/strong><\/p>\n<h2>Programa<\/h2>\n<p>18.00-18.20. <strong>Novedades de la normativa del Plan Hidrol\u00f3gico del Tajo 2022-2027<\/strong>. Beatriz Larraz Iribas, C\u00e1tedra del Tajo UCLM-Soliss.<\/p>\n<p>18.20-18.40. <strong>Los caudales ecol\u00f3gicos en el Plan Hidrol\u00f3gico<\/strong>. Domingo Baeza, Universidad Aut\u00f3noma de Madrid y C\u00e1tedra del Tajo UCLM-Soliss<\/p>\n<p>18.40-19.00. <strong>Medidas en depuraci\u00f3n y buen estado de las masas de aguas<\/strong>. Antonio Bolinches, Universidad Complutense de Madrid y C\u00e1tedra del Tajo UCLM-Soliss<\/p>\n<p>19.00-19.45. <strong>Debate<\/strong><\/p>\n<p>Modera: Nuria Hern\u00e1ndez Mora. Fundaci\u00f3n Nueva Cultura del Agua y C\u00e1tedra del Tajo UCLM-Soliss.<\/p>\n<p>&nbsp;<\/p>\n<p><img fetchpriority=\"high\" decoding=\"async\" class=\"wp-image-3776 aligncenter\" src=\"https:\/\/catedradeltajo.es\/wp-content\/uploads\/2023\/05\/Jornada-Plan-Hidrologico-20-abril-2023-300x212.png\" alt=\"\" width=\"536\" height=\"379\" \/><\/p>","protected":false},"excerpt":{"rendered":"<p>La C\u00e1tedra del Tajo de la UCLM y la Fundaci\u00f3n Soliss organiza una jornada con expertos para tratar las principales novedades del Plan Hidrol\u00f3gico El pasado<span class=\"excerpt-hellip\"> [\u2026]<\/span><\/p>\n","protected":false},"author":4,"featured_media":3820,"comment_status":"closed","ping_status":"closed","sticky":false,"template":"","format":"standard","meta":{"footnotes":""},"categories":[1],"tags":[],"class_list":["post-3775","post","type-post","status-publish","format-standard","has-post-thumbnail","hentry","category-notas-de-prensa"],"yoast_head":"<!-- This site is optimized with the Yoast SEO plugin v27.5 - https:\/\/yoast.com\/product\/yoast-seo-wordpress\/ -->\n<title>Jornada t\u00e9cnica sobre el Plan Hidrol\u00f3gico del Tajo &#8211; C\u00e1tedra del Tajo<\/title>\n<meta name=\"robots\" content=\"index, follow, max-snippet:-1, max-image-preview:large, max-video-preview:-1\" \/>\n<link rel=\"canonical\" href=\"https:\/\/catedradeltajo.es\/en\/jornada-tecnica-sobre-el-plan-hidrologico-del-tajo\/\" \/>\n<meta property=\"og:locale\" content=\"en_US\" \/>\n<meta property=\"og:type\" content=\"article\" \/>\n<meta property=\"og:title\" content=\"Jornada t\u00e9cnica sobre el Plan Hidrol\u00f3gico del Tajo &#8211; C\u00e1tedra del Tajo\" \/>\n<meta property=\"og:description\" content=\"La C\u00e1tedra del Tajo de la UCLM y la Fundaci\u00f3n Soliss organiza una jornada con expertos para tratar las principales novedades del Plan Hidrol\u00f3gico El pasado [\u2026]\" \/>\n<meta property=\"og:url\" content=\"https:\/\/catedradeltajo.es\/en\/jornada-tecnica-sobre-el-plan-hidrologico-del-tajo\/\" \/>\n<meta property=\"og:site_name\" content=\"C\u00e1tedra del Tajo\" \/>\n<meta property=\"article:published_time\" content=\"2023-03-31T09:12:40+00:00\" \/>\n<meta property=\"article:modified_time\" content=\"2023-05-22T09:52:42+00:00\" \/>\n<meta property=\"og:image\" content=\"https:\/\/catedradeltajo.es\/wp-content\/uploads\/2023\/03\/Jornada-Plan-Hidrologico-20-abril-2023.png\" \/>\n\t<meta property=\"og:image:width\" content=\"2245\" \/>\n\t<meta property=\"og:image:height\" content=\"1587\" \/>\n\t<meta property=\"og:image:type\" content=\"image\/png\" \/>\n<meta name=\"author\" content=\"Beatriz\" \/>\n<meta name=\"twitter:card\" content=\"summary_large_image\" \/>\n<meta name=\"twitter:creator\" content=\"@OMontesion\" \/>\n<meta name=\"twitter:site\" content=\"@OMontesion\" \/>\n<meta name=\"twitter:label1\" content=\"Written by\" \/>\n\t<meta name=\"twitter:data1\" content=\"Beatriz\" \/>\n\t<meta name=\"twitter:label2\" content=\"Est. reading time\" \/>\n\t<meta name=\"twitter:data2\" content=\"2 minutes\" \/>\n<script type=\"application\/ld+json\" class=\"yoast-schema-graph\">{\"@context\":\"https:\\\/\\\/schema.org\",\"@graph\":[{\"@type\":\"Article\",\"@id\":\"https:\\\/\\\/catedradeltajo.es\\\/jornada-tecnica-sobre-el-plan-hidrologico-del-tajo\\\/#article\",\"isPartOf\":{\"@id\":\"https:\\\/\\\/catedradeltajo.es\\\/jornada-tecnica-sobre-el-plan-hidrologico-del-tajo\\\/\"},\"author\":{\"name\":\"Beatriz\",\"@id\":\"https:\\\/\\\/catedradeltajo.es\\\/#\\\/schema\\\/person\\\/e7ed333d87cc92d2fd4487ce0b78a075\"},\"headline\":\"Jornada t\u00e9cnica sobre el Plan Hidrol\u00f3gico del Tajo\",\"datePublished\":\"2023-03-31T09:12:40+00:00\",\"dateModified\":\"2023-05-22T09:52:42+00:00\",\"mainEntityOfPage\":{\"@id\":\"https:\\\/\\\/catedradeltajo.es\\\/jornada-tecnica-sobre-el-plan-hidrologico-del-tajo\\\/\"},\"wordCount\":368,\"publisher\":{\"@id\":\"https:\\\/\\\/catedradeltajo.es\\\/#organization\"},\"image\":{\"@id\":\"https:\\\/\\\/catedradeltajo.es\\\/jornada-tecnica-sobre-el-plan-hidrologico-del-tajo\\\/#primaryimage\"},\"thumbnailUrl\":\"https:\\\/\\\/catedradeltajo.es\\\/wp-content\\\/uploads\\\/2023\\\/03\\\/Jornada-Plan-Hidrologico-20-abril-2023.png\",\"articleSection\":[\"Notas de prensa\"],\"inLanguage\":\"en-US\"},{\"@type\":\"WebPage\",\"@id\":\"https:\\\/\\\/catedradeltajo.es\\\/jornada-tecnica-sobre-el-plan-hidrologico-del-tajo\\\/\",\"url\":\"https:\\\/\\\/catedradeltajo.es\\\/jornada-tecnica-sobre-el-plan-hidrologico-del-tajo\\\/\",\"name\":\"Jornada t\u00e9cnica sobre el Plan Hidrol\u00f3gico del Tajo &#8211; C\u00e1tedra del Tajo\",\"isPartOf\":{\"@id\":\"https:\\\/\\\/catedradeltajo.es\\\/#website\"},\"primaryImageOfPage\":{\"@id\":\"https:\\\/\\\/catedradeltajo.es\\\/jornada-tecnica-sobre-el-plan-hidrologico-del-tajo\\\/#primaryimage\"},\"image\":{\"@id\":\"https:\\\/\\\/catedradeltajo.es\\\/jornada-tecnica-sobre-el-plan-hidrologico-del-tajo\\\/#primaryimage\"},\"thumbnailUrl\":\"https:\\\/\\\/catedradeltajo.es\\\/wp-content\\\/uploads\\\/2023\\\/03\\\/Jornada-Plan-Hidrologico-20-abril-2023.png\",\"datePublished\":\"2023-03-31T09:12:40+00:00\",\"dateModified\":\"2023-05-22T09:52:42+00:00\",\"breadcrumb\":{\"@id\":\"https:\\\/\\\/catedradeltajo.es\\\/jornada-tecnica-sobre-el-plan-hidrologico-del-tajo\\\/#breadcrumb\"},\"inLanguage\":\"en-US\",\"potentialAction\":[{\"@type\":\"ReadAction\",\"target\":[\"https:\\\/\\\/catedradeltajo.es\\\/jornada-tecnica-sobre-el-plan-hidrologico-del-tajo\\\/\"]}]},{\"@type\":\"ImageObject\",\"inLanguage\":\"en-US\",\"@id\":\"https:\\\/\\\/catedradeltajo.es\\\/jornada-tecnica-sobre-el-plan-hidrologico-del-tajo\\\/#primaryimage\",\"url\":\"https:\\\/\\\/catedradeltajo.es\\\/wp-content\\\/uploads\\\/2023\\\/03\\\/Jornada-Plan-Hidrologico-20-abril-2023.png\",\"contentUrl\":\"https:\\\/\\\/catedradeltajo.es\\\/wp-content\\\/uploads\\\/2023\\\/03\\\/Jornada-Plan-Hidrologico-20-abril-2023.png\",\"width\":2245,\"height\":1587},{\"@type\":\"BreadcrumbList\",\"@id\":\"https:\\\/\\\/catedradeltajo.es\\\/jornada-tecnica-sobre-el-plan-hidrologico-del-tajo\\\/#breadcrumb\",\"itemListElement\":[{\"@type\":\"ListItem\",\"position\":1,\"name\":\"Portada\",\"item\":\"https:\\\/\\\/catedradeltajo.es\\\/\"},{\"@type\":\"ListItem\",\"position\":2,\"name\":\"Jornada t\u00e9cnica sobre el Plan Hidrol\u00f3gico del Tajo\"}]},{\"@type\":\"WebSite\",\"@id\":\"https:\\\/\\\/catedradeltajo.es\\\/#website\",\"url\":\"https:\\\/\\\/catedradeltajo.es\\\/\",\"name\":\"Incendio de Montesi\u00f3n\",\"description\":\"C\u00e1tedra sobre el r\u00edo Tajo de la UCLM y la Fundaci\u00f3n SOLISS\",\"publisher\":{\"@id\":\"https:\\\/\\\/catedradeltajo.es\\\/#organization\"},\"potentialAction\":[{\"@type\":\"SearchAction\",\"target\":{\"@type\":\"EntryPoint\",\"urlTemplate\":\"https:\\\/\\\/catedradeltajo.es\\\/?s={search_term_string}\"},\"query-input\":{\"@type\":\"PropertyValueSpecification\",\"valueRequired\":true,\"valueName\":\"search_term_string\"}}],\"inLanguage\":\"en-US\"},{\"@type\":\"Organization\",\"@id\":\"https:\\\/\\\/catedradeltajo.es\\\/#organization\",\"name\":\"Observatorio de la Evoluci\u00f3n del Incendio de Montesi\u00f3n\",\"url\":\"https:\\\/\\\/catedradeltajo.es\\\/\",\"logo\":{\"@type\":\"ImageObject\",\"inLanguage\":\"en-US\",\"@id\":\"https:\\\/\\\/catedradeltajo.es\\\/#\\\/schema\\\/logo\\\/image\\\/\",\"url\":\"https:\\\/\\\/catedradeltajo.es\\\/wp-content\\\/uploads\\\/2021\\\/09\\\/105943627_929275060916590_5631063699459450491_n.jpg\",\"contentUrl\":\"https:\\\/\\\/catedradeltajo.es\\\/wp-content\\\/uploads\\\/2021\\\/09\\\/105943627_929275060916590_5631063699459450491_n.jpg\",\"width\":150,\"height\":150,\"caption\":\"Observatorio de la Evoluci\u00f3n del Incendio de Montesi\u00f3n\"},\"image\":{\"@id\":\"https:\\\/\\\/catedradeltajo.es\\\/#\\\/schema\\\/logo\\\/image\\\/\"},\"sameAs\":[\"https:\\\/\\\/x.com\\\/OMontesion\",\"https:\\\/\\\/www.instagram.com\\\/omontesion\\\/\"]},{\"@type\":\"Person\",\"@id\":\"https:\\\/\\\/catedradeltajo.es\\\/#\\\/schema\\\/person\\\/e7ed333d87cc92d2fd4487ce0b78a075\",\"name\":\"Beatriz\"}]}<\/script>\n<!-- \/ Yoast SEO plugin. -->","yoast_head_json":{"title":"Jornada t\u00e9cnica sobre el Plan Hidrol\u00f3gico del Tajo &#8211; C\u00e1tedra del Tajo","robots":{"index":"index","follow":"follow","max-snippet":"max-snippet:-1","max-image-preview":"max-image-preview:large","max-video-preview":"max-video-preview:-1"},"canonical":"https:\/\/catedradeltajo.es\/en\/jornada-tecnica-sobre-el-plan-hidrologico-del-tajo\/","og_locale":"en_US","og_type":"article","og_title":"Jornada t\u00e9cnica sobre el Plan Hidrol\u00f3gico del Tajo &#8211; C\u00e1tedra del Tajo","og_description":"La C\u00e1tedra del Tajo de la UCLM y la Fundaci\u00f3n Soliss organiza una jornada con expertos para tratar las principales novedades del Plan Hidrol\u00f3gico El pasado [\u2026]","og_url":"https:\/\/catedradeltajo.es\/en\/jornada-tecnica-sobre-el-plan-hidrologico-del-tajo\/","og_site_name":"C\u00e1tedra del Tajo","article_published_time":"2023-03-31T09:12:40+00:00","article_modified_time":"2023-05-22T09:52:42+00:00","og_image":[{"width":2245,"height":1587,"url":"https:\/\/catedradeltajo.es\/wp-content\/uploads\/2023\/03\/Jornada-Plan-Hidrologico-20-abril-2023.png","type":"image\/png"}],"author":"Beatriz","twitter_card":"summary_large_image","twitter_creator":"@OMontesion","twitter_site":"@OMontesion","twitter_misc":{"Written by":"Beatriz","Est. reading time":"2 minutes"},"schema":{"@context":"https:\/\/schema.org","@graph":[{"@type":"Article","@id":"https:\/\/catedradeltajo.es\/jornada-tecnica-sobre-el-plan-hidrologico-del-tajo\/#article","isPartOf":{"@id":"https:\/\/catedradeltajo.es\/jornada-tecnica-sobre-el-plan-hidrologico-del-tajo\/"},"author":{"name":"Beatriz","@id":"https:\/\/catedradeltajo.es\/#\/schema\/person\/e7ed333d87cc92d2fd4487ce0b78a075"},"headline":"Jornada t\u00e9cnica sobre el Plan Hidrol\u00f3gico del Tajo","datePublished":"2023-03-31T09:12:40+00:00","dateModified":"2023-05-22T09:52:42+00:00","mainEntityOfPage":{"@id":"https:\/\/catedradeltajo.es\/jornada-tecnica-sobre-el-plan-hidrologico-del-tajo\/"},"wordCount":368,"publisher":{"@id":"https:\/\/catedradeltajo.es\/#organization"},"image":{"@id":"https:\/\/catedradeltajo.es\/jornada-tecnica-sobre-el-plan-hidrologico-del-tajo\/#primaryimage"},"thumbnailUrl":"https:\/\/catedradeltajo.es\/wp-content\/uploads\/2023\/03\/Jornada-Plan-Hidrologico-20-abril-2023.png","articleSection":["Notas de prensa"],"inLanguage":"en-US"},{"@type":"WebPage","@id":"https:\/\/catedradeltajo.es\/jornada-tecnica-sobre-el-plan-hidrologico-del-tajo\/","url":"https:\/\/catedradeltajo.es\/jornada-tecnica-sobre-el-plan-hidrologico-del-tajo\/","name":"Jornada t\u00e9cnica sobre el Plan Hidrol\u00f3gico del Tajo &#8211; C\u00e1tedra del Tajo","isPartOf":{"@id":"https:\/\/catedradeltajo.es\/#website"},"primaryImageOfPage":{"@id":"https:\/\/catedradeltajo.es\/jornada-tecnica-sobre-el-plan-hidrologico-del-tajo\/#primaryimage"},"image":{"@id":"https:\/\/catedradeltajo.es\/jornada-tecnica-sobre-el-plan-hidrologico-del-tajo\/#primaryimage"},"thumbnailUrl":"https:\/\/catedradeltajo.es\/wp-content\/uploads\/2023\/03\/Jornada-Plan-Hidrologico-20-abril-2023.png","datePublished":"2023-03-31T09:12:40+00:00","dateModified":"2023-05-22T09:52:42+00:00","breadcrumb":{"@id":"https:\/\/catedradeltajo.es\/jornada-tecnica-sobre-el-plan-hidrologico-del-tajo\/#breadcrumb"},"inLanguage":"en-US","potentialAction":[{"@type":"ReadAction","target":["https:\/\/catedradeltajo.es\/jornada-tecnica-sobre-el-plan-hidrologico-del-tajo\/"]}]},{"@type":"ImageObject","inLanguage":"en-US","@id":"https:\/\/catedradeltajo.es\/jornada-tecnica-sobre-el-plan-hidrologico-del-tajo\/#primaryimage","url":"https:\/\/catedradeltajo.es\/wp-content\/uploads\/2023\/03\/Jornada-Plan-Hidrologico-20-abril-2023.png","contentUrl":"https:\/\/catedradeltajo.es\/wp-content\/uploads\/2023\/03\/Jornada-Plan-Hidrologico-20-abril-2023.png","width":2245,"height":1587},{"@type":"BreadcrumbList","@id":"https:\/\/catedradeltajo.es\/jornada-tecnica-sobre-el-plan-hidrologico-del-tajo\/#breadcrumb","itemListElement":[{"@type":"ListItem","position":1,"name":"Portada","item":"https:\/\/catedradeltajo.es\/"},{"@type":"ListItem","position":2,"name":"Jornada t\u00e9cnica sobre el Plan Hidrol\u00f3gico del Tajo"}]},{"@type":"WebSite","@id":"https:\/\/catedradeltajo.es\/#website","url":"https:\/\/catedradeltajo.es\/","name":"Incendio de Montesi\u00f3n","description":"C\u00e1tedra sobre el r\u00edo Tajo de la UCLM y la Fundaci\u00f3n SOLISS","publisher":{"@id":"https:\/\/catedradeltajo.es\/#organization"},"potentialAction":[{"@type":"SearchAction","target":{"@type":"EntryPoint","urlTemplate":"https:\/\/catedradeltajo.es\/?s={search_term_string}"},"query-input":{"@type":"PropertyValueSpecification","valueRequired":true,"valueName":"search_term_string"}}],"inLanguage":"en-US"},{"@type":"Organization","@id":"https:\/\/catedradeltajo.es\/#organization","name":"Observatorio de la Evoluci\u00f3n del Incendio de Montesi\u00f3n","url":"https:\/\/catedradeltajo.es\/","logo":{"@type":"ImageObject","inLanguage":"en-US","@id":"https:\/\/catedradeltajo.es\/#\/schema\/logo\/image\/","url":"https:\/\/catedradeltajo.es\/wp-content\/uploads\/2021\/09\/105943627_929275060916590_5631063699459450491_n.jpg","contentUrl":"https:\/\/catedradeltajo.es\/wp-content\/uploads\/2021\/09\/105943627_929275060916590_5631063699459450491_n.jpg","width":150,"height":150,"caption":"Observatorio de la Evoluci\u00f3n del Incendio de Montesi\u00f3n"},"image":{"@id":"https:\/\/catedradeltajo.es\/#\/schema\/logo\/image\/"},"sameAs":["https:\/\/x.com\/OMontesion","https:\/\/www.instagram.com\/omontesion\/"]},{"@type":"Person","@id":"https:\/\/catedradeltajo.es\/#\/schema\/person\/e7ed333d87cc92d2fd4487ce0b78a075","name":"Beatriz"}]}},"_links":{"self":[{"href":"https:\/\/catedradeltajo.es\/en\/wp-json\/wp\/v2\/posts\/3775","targetHints":{"allow":["GET"]}}],"collection":[{"href":"https:\/\/catedradeltajo.es\/en\/wp-json\/wp\/v2\/posts"}],"about":[{"href":"https:\/\/catedradeltajo.es\/en\/wp-json\/wp\/v2\/types\/post"}],"author":[{"embeddable":true,"href":"https:\/\/catedradeltajo.es\/en\/wp-json\/wp\/v2\/users\/4"}],"replies":[{"embeddable":true,"href":"https:\/\/catedradeltajo.es\/en\/wp-json\/wp\/v2\/comments?post=3775"}],"version-history":[{"count":1,"href":"https:\/\/catedradeltajo.es\/en\/wp-json\/wp\/v2\/posts\/3775\/revisions"}],"predecessor-version":[{"id":3821,"href":"https:\/\/catedradeltajo.es\/en\/wp-json\/wp\/v2\/posts\/3775\/revisions\/3821"}],"wp:featuredmedia":[{"embeddable":true,"href":"https:\/\/catedradeltajo.es\/en\/wp-json\/wp\/v2\/media\/3820"}],"wp:attachment":[{"href":"https:\/\/catedradeltajo.es\/en\/wp-json\/wp\/v2\/media?parent=3775"}],"wp:term":[{"taxonomy":"category","embeddable":true,"href":"https:\/\/catedradeltajo.es\/en\/wp-json\/wp\/v2\/categories?post=3775"},{"taxonomy":"post_tag","embeddable":true,"href":"https:\/\/catedradeltajo.es\/en\/wp-json\/wp\/v2\/tags?post=3775"}],"curies":[{"name":"wp","href":"https:\/\/api.w.org\/{rel}","templated":true}]}}