{"id":3685,"date":"2023-01-19T10:39:10","date_gmt":"2023-01-19T09:39:10","guid":{"rendered":"https:\/\/catedradeltajo.es\/?p=3685"},"modified":"2023-01-19T10:50:40","modified_gmt":"2023-01-19T09:50:40","slug":"la-catedra-del-tajo-uclm-soliss-solicita-ser-escuchada-ante-el-consejo-de-estado","status":"publish","type":"post","link":"https:\/\/catedradeltajo.es\/en\/la-catedra-del-tajo-uclm-soliss-solicita-ser-escuchada-ante-el-consejo-de-estado\/","title":{"rendered":"The UCLM-Soliss Tagus Chair requests to be heard before the Council of State"},"content":{"rendered":"<ul>\n<li><strong>Hoy, 19 de enero de 2023, se re\u00fane la Comisi\u00f3n Permanente del Consejo de Estado que deber\u00e1 emitir dictamen respecto al proyecto de Real Decreto que aprobar\u00e1, entre otros, el Plan Hidrol\u00f3gico del tercer ciclo de planificaci\u00f3n de la demarcaci\u00f3n hidrogr\u00e1fica del Tajo.\u00a0<\/strong><\/li>\n<li><strong>Desde la C\u00e1tedra del Tajo UCLM-Soliss se ha cre\u00eddo conveniente solicitar audiencia a la presidenta del Consejo de Estado para que sean escuchados los argumentos t\u00e9cnicos en relaci\u00f3n al establecimiento de los caudales ecol\u00f3gicos en la cuenca del Tajo.<\/strong><\/li>\n<li><strong>La solicitud va acompa\u00f1ada de un documento t\u00e9cnico que resume la necesidad de un r\u00e9gimen de caudales ecol\u00f3gicos suficiente y con todos sus componentes en todas las masas de agua de la cuenca del Tajo<\/strong><\/li>\n<\/ul>\n<p>El dictamen del Consejo de Estado es el \u00faltimo paso en la tramitaci\u00f3n del proyecto del Plan Hidrol\u00f3gico del Tajo, antes de su aprobaci\u00f3n definitiva por el Consejo de Ministros y su publicaci\u00f3n en el Bolet\u00edn Oficial del Estado. Algunos de los argumentos t\u00e9cnicos que recoge el documento redactado por la C\u00e1tedra del Tajo UCLM-Soliss son los siguientes:<\/p>\n<ul>\n<li>La obligaci\u00f3n de establecer un r\u00e9gimen de caudales ecol\u00f3gicos con todos sus componentes en todas las masas de agua de la cuenca del Tajo es un requisito legal exigido por la normativa de aguas<\/li>\n<li>Cinco sentencias del Tribunal Supremo anularon en 2019 los art\u00edculos de la normativa del plan hidrol\u00f3gico del Tajo que justificaban la no implantaci\u00f3n de los caudales ecol\u00f3gicos en la cuenca. Estas sentencias establecieron que los caudales ecol\u00f3gicos en el Tajo debieron establecerse y aplicarse en los planes hidrol\u00f3gicos.<\/li>\n<li>De acuerdo con la normativa, las necesidades de la cuenca cedente del Trasvase Tajo-Segura (en las que se incluyen las necesidades ambientales y los usos y actividades de la cuenca del Tajo) son prioritarias y deben prevalecer sobre las de la cuenca receptora.<\/li>\n<li>Los caudales ecol\u00f3gicos m\u00ednimos establecidos en el Plan hidrol\u00f3gico del tercer ciclo son inferiores a los propuestos en el Esquema de Temas Importantes de 2010 (as\u00ed como muy inferiores a los propuestos en las pruebas periciales que motivaron las sentencias del Tribunal Supremo). Estas sentencias establec\u00edan que los caudales de 2010 deb\u00edan de ser la referencia para su posterior aplicaci\u00f3n en los planes.<\/li>\n<li>El establecimiento de caudales escalonados en el tiempo no tiene justificaci\u00f3n legal, ni t\u00e9cnica ni cient\u00edfica.<\/li>\n<\/ul>\n<p>&nbsp;<\/p>","protected":false},"excerpt":{"rendered":"<p>Hoy, 19 de enero de 2023, se re\u00fane la Comisi\u00f3n Permanente del Consejo de Estado que deber\u00e1 emitir dictamen respecto al proyecto de Real Decreto que<span class=\"excerpt-hellip\"> [\u2026]<\/span><\/p>\n","protected":false},"author":4,"featured_media":3691,"comment_status":"closed","ping_status":"closed","sticky":false,"template":"","format":"standard","meta":{"footnotes":""},"categories":[1],"tags":[],"class_list":["post-3685","post","type-post","status-publish","format-standard","has-post-thumbnail","hentry","category-notas-de-prensa"],"yoast_head":"<!-- This site is optimized with the Yoast SEO plugin v27.4 - https:\/\/yoast.com\/product\/yoast-seo-wordpress\/ -->\n<title>La C\u00e1tedra del Tajo UCLM-Soliss solicita ser escuchada ante el Consejo de Estado &#8211; C\u00e1tedra del Tajo<\/title>\n<meta name=\"robots\" content=\"index, follow, max-snippet:-1, max-image-preview:large, max-video-preview:-1\" \/>\n<link rel=\"canonical\" href=\"https:\/\/catedradeltajo.es\/en\/la-catedra-del-tajo-uclm-soliss-solicita-ser-escuchada-ante-el-consejo-de-estado\/\" \/>\n<meta property=\"og:locale\" content=\"en_US\" \/>\n<meta property=\"og:type\" content=\"article\" \/>\n<meta property=\"og:title\" content=\"La C\u00e1tedra del Tajo UCLM-Soliss solicita ser escuchada ante el Consejo de Estado &#8211; C\u00e1tedra del Tajo\" \/>\n<meta property=\"og:description\" content=\"Hoy, 19 de enero de 2023, se re\u00fane la Comisi\u00f3n Permanente del Consejo de Estado que deber\u00e1 emitir dictamen respecto al proyecto de Real Decreto que [\u2026]\" \/>\n<meta property=\"og:url\" content=\"https:\/\/catedradeltajo.es\/en\/la-catedra-del-tajo-uclm-soliss-solicita-ser-escuchada-ante-el-consejo-de-estado\/\" \/>\n<meta property=\"og:site_name\" content=\"C\u00e1tedra del Tajo\" \/>\n<meta property=\"article:published_time\" content=\"2023-01-19T09:39:10+00:00\" \/>\n<meta property=\"article:modified_time\" content=\"2023-01-19T09:50:40+00:00\" \/>\n<meta property=\"og:image\" content=\"https:\/\/catedradeltajo.es\/wp-content\/uploads\/2023\/01\/Banner-doc-tencico.jpg\" \/>\n\t<meta property=\"og:image:width\" content=\"1600\" \/>\n\t<meta property=\"og:image:height\" content=\"900\" \/>\n\t<meta property=\"og:image:type\" content=\"image\/jpeg\" \/>\n<meta name=\"author\" content=\"Beatriz\" \/>\n<meta name=\"twitter:card\" content=\"summary_large_image\" \/>\n<meta name=\"twitter:creator\" content=\"@OMontesion\" \/>\n<meta name=\"twitter:site\" content=\"@OMontesion\" \/>\n<meta name=\"twitter:label1\" content=\"Written by\" \/>\n\t<meta name=\"twitter:data1\" content=\"Beatriz\" \/>\n\t<meta name=\"twitter:label2\" content=\"Est. reading time\" \/>\n\t<meta name=\"twitter:data2\" content=\"2 minutes\" \/>\n<script type=\"application\/ld+json\" class=\"yoast-schema-graph\">{\"@context\":\"https:\\\/\\\/schema.org\",\"@graph\":[{\"@type\":\"Article\",\"@id\":\"https:\\\/\\\/catedradeltajo.es\\\/la-catedra-del-tajo-uclm-soliss-solicita-ser-escuchada-ante-el-consejo-de-estado\\\/#article\",\"isPartOf\":{\"@id\":\"https:\\\/\\\/catedradeltajo.es\\\/la-catedra-del-tajo-uclm-soliss-solicita-ser-escuchada-ante-el-consejo-de-estado\\\/\"},\"author\":{\"name\":\"Beatriz\",\"@id\":\"https:\\\/\\\/catedradeltajo.es\\\/#\\\/schema\\\/person\\\/e7ed333d87cc92d2fd4487ce0b78a075\"},\"headline\":\"La C\u00e1tedra del Tajo UCLM-Soliss solicita ser escuchada ante el Consejo de Estado\",\"datePublished\":\"2023-01-19T09:39:10+00:00\",\"dateModified\":\"2023-01-19T09:50:40+00:00\",\"mainEntityOfPage\":{\"@id\":\"https:\\\/\\\/catedradeltajo.es\\\/la-catedra-del-tajo-uclm-soliss-solicita-ser-escuchada-ante-el-consejo-de-estado\\\/\"},\"wordCount\":429,\"publisher\":{\"@id\":\"https:\\\/\\\/catedradeltajo.es\\\/#organization\"},\"image\":{\"@id\":\"https:\\\/\\\/catedradeltajo.es\\\/la-catedra-del-tajo-uclm-soliss-solicita-ser-escuchada-ante-el-consejo-de-estado\\\/#primaryimage\"},\"thumbnailUrl\":\"https:\\\/\\\/catedradeltajo.es\\\/wp-content\\\/uploads\\\/2023\\\/01\\\/Banner-doc-tencico.jpg\",\"articleSection\":[\"Notas de prensa\"],\"inLanguage\":\"en-US\"},{\"@type\":\"WebPage\",\"@id\":\"https:\\\/\\\/catedradeltajo.es\\\/la-catedra-del-tajo-uclm-soliss-solicita-ser-escuchada-ante-el-consejo-de-estado\\\/\",\"url\":\"https:\\\/\\\/catedradeltajo.es\\\/la-catedra-del-tajo-uclm-soliss-solicita-ser-escuchada-ante-el-consejo-de-estado\\\/\",\"name\":\"La C\u00e1tedra del Tajo UCLM-Soliss solicita ser escuchada ante el Consejo de Estado &#8211; C\u00e1tedra del Tajo\",\"isPartOf\":{\"@id\":\"https:\\\/\\\/catedradeltajo.es\\\/#website\"},\"primaryImageOfPage\":{\"@id\":\"https:\\\/\\\/catedradeltajo.es\\\/la-catedra-del-tajo-uclm-soliss-solicita-ser-escuchada-ante-el-consejo-de-estado\\\/#primaryimage\"},\"image\":{\"@id\":\"https:\\\/\\\/catedradeltajo.es\\\/la-catedra-del-tajo-uclm-soliss-solicita-ser-escuchada-ante-el-consejo-de-estado\\\/#primaryimage\"},\"thumbnailUrl\":\"https:\\\/\\\/catedradeltajo.es\\\/wp-content\\\/uploads\\\/2023\\\/01\\\/Banner-doc-tencico.jpg\",\"datePublished\":\"2023-01-19T09:39:10+00:00\",\"dateModified\":\"2023-01-19T09:50:40+00:00\",\"breadcrumb\":{\"@id\":\"https:\\\/\\\/catedradeltajo.es\\\/la-catedra-del-tajo-uclm-soliss-solicita-ser-escuchada-ante-el-consejo-de-estado\\\/#breadcrumb\"},\"inLanguage\":\"en-US\",\"potentialAction\":[{\"@type\":\"ReadAction\",\"target\":[\"https:\\\/\\\/catedradeltajo.es\\\/la-catedra-del-tajo-uclm-soliss-solicita-ser-escuchada-ante-el-consejo-de-estado\\\/\"]}]},{\"@type\":\"ImageObject\",\"inLanguage\":\"en-US\",\"@id\":\"https:\\\/\\\/catedradeltajo.es\\\/la-catedra-del-tajo-uclm-soliss-solicita-ser-escuchada-ante-el-consejo-de-estado\\\/#primaryimage\",\"url\":\"https:\\\/\\\/catedradeltajo.es\\\/wp-content\\\/uploads\\\/2023\\\/01\\\/Banner-doc-tencico.jpg\",\"contentUrl\":\"https:\\\/\\\/catedradeltajo.es\\\/wp-content\\\/uploads\\\/2023\\\/01\\\/Banner-doc-tencico.jpg\",\"width\":1600,\"height\":900},{\"@type\":\"BreadcrumbList\",\"@id\":\"https:\\\/\\\/catedradeltajo.es\\\/la-catedra-del-tajo-uclm-soliss-solicita-ser-escuchada-ante-el-consejo-de-estado\\\/#breadcrumb\",\"itemListElement\":[{\"@type\":\"ListItem\",\"position\":1,\"name\":\"Portada\",\"item\":\"https:\\\/\\\/catedradeltajo.es\\\/\"},{\"@type\":\"ListItem\",\"position\":2,\"name\":\"La C\u00e1tedra del Tajo UCLM-Soliss solicita ser escuchada ante el Consejo de Estado\"}]},{\"@type\":\"WebSite\",\"@id\":\"https:\\\/\\\/catedradeltajo.es\\\/#website\",\"url\":\"https:\\\/\\\/catedradeltajo.es\\\/\",\"name\":\"Incendio de Montesi\u00f3n\",\"description\":\"C\u00e1tedra sobre el r\u00edo Tajo de la UCLM y la Fundaci\u00f3n SOLISS\",\"publisher\":{\"@id\":\"https:\\\/\\\/catedradeltajo.es\\\/#organization\"},\"potentialAction\":[{\"@type\":\"SearchAction\",\"target\":{\"@type\":\"EntryPoint\",\"urlTemplate\":\"https:\\\/\\\/catedradeltajo.es\\\/?s={search_term_string}\"},\"query-input\":{\"@type\":\"PropertyValueSpecification\",\"valueRequired\":true,\"valueName\":\"search_term_string\"}}],\"inLanguage\":\"en-US\"},{\"@type\":\"Organization\",\"@id\":\"https:\\\/\\\/catedradeltajo.es\\\/#organization\",\"name\":\"Observatorio de la Evoluci\u00f3n del Incendio de Montesi\u00f3n\",\"url\":\"https:\\\/\\\/catedradeltajo.es\\\/\",\"logo\":{\"@type\":\"ImageObject\",\"inLanguage\":\"en-US\",\"@id\":\"https:\\\/\\\/catedradeltajo.es\\\/#\\\/schema\\\/logo\\\/image\\\/\",\"url\":\"https:\\\/\\\/catedradeltajo.es\\\/wp-content\\\/uploads\\\/2021\\\/09\\\/105943627_929275060916590_5631063699459450491_n.jpg\",\"contentUrl\":\"https:\\\/\\\/catedradeltajo.es\\\/wp-content\\\/uploads\\\/2021\\\/09\\\/105943627_929275060916590_5631063699459450491_n.jpg\",\"width\":150,\"height\":150,\"caption\":\"Observatorio de la Evoluci\u00f3n del Incendio de Montesi\u00f3n\"},\"image\":{\"@id\":\"https:\\\/\\\/catedradeltajo.es\\\/#\\\/schema\\\/logo\\\/image\\\/\"},\"sameAs\":[\"https:\\\/\\\/x.com\\\/OMontesion\",\"https:\\\/\\\/www.instagram.com\\\/omontesion\\\/\"]},{\"@type\":\"Person\",\"@id\":\"https:\\\/\\\/catedradeltajo.es\\\/#\\\/schema\\\/person\\\/e7ed333d87cc92d2fd4487ce0b78a075\",\"name\":\"Beatriz\"}]}<\/script>\n<!-- \/ Yoast SEO plugin. -->","yoast_head_json":{"title":"La C\u00e1tedra del Tajo UCLM-Soliss solicita ser escuchada ante el Consejo de Estado &#8211; C\u00e1tedra del Tajo","robots":{"index":"index","follow":"follow","max-snippet":"max-snippet:-1","max-image-preview":"max-image-preview:large","max-video-preview":"max-video-preview:-1"},"canonical":"https:\/\/catedradeltajo.es\/en\/la-catedra-del-tajo-uclm-soliss-solicita-ser-escuchada-ante-el-consejo-de-estado\/","og_locale":"en_US","og_type":"article","og_title":"La C\u00e1tedra del Tajo UCLM-Soliss solicita ser escuchada ante el Consejo de Estado &#8211; C\u00e1tedra del Tajo","og_description":"Hoy, 19 de enero de 2023, se re\u00fane la Comisi\u00f3n Permanente del Consejo de Estado que deber\u00e1 emitir dictamen respecto al proyecto de Real Decreto que [\u2026]","og_url":"https:\/\/catedradeltajo.es\/en\/la-catedra-del-tajo-uclm-soliss-solicita-ser-escuchada-ante-el-consejo-de-estado\/","og_site_name":"C\u00e1tedra del Tajo","article_published_time":"2023-01-19T09:39:10+00:00","article_modified_time":"2023-01-19T09:50:40+00:00","og_image":[{"width":1600,"height":900,"url":"https:\/\/catedradeltajo.es\/wp-content\/uploads\/2023\/01\/Banner-doc-tencico.jpg","type":"image\/jpeg"}],"author":"Beatriz","twitter_card":"summary_large_image","twitter_creator":"@OMontesion","twitter_site":"@OMontesion","twitter_misc":{"Written by":"Beatriz","Est. reading time":"2 minutes"},"schema":{"@context":"https:\/\/schema.org","@graph":[{"@type":"Article","@id":"https:\/\/catedradeltajo.es\/la-catedra-del-tajo-uclm-soliss-solicita-ser-escuchada-ante-el-consejo-de-estado\/#article","isPartOf":{"@id":"https:\/\/catedradeltajo.es\/la-catedra-del-tajo-uclm-soliss-solicita-ser-escuchada-ante-el-consejo-de-estado\/"},"author":{"name":"Beatriz","@id":"https:\/\/catedradeltajo.es\/#\/schema\/person\/e7ed333d87cc92d2fd4487ce0b78a075"},"headline":"La C\u00e1tedra del Tajo UCLM-Soliss solicita ser escuchada ante el Consejo de Estado","datePublished":"2023-01-19T09:39:10+00:00","dateModified":"2023-01-19T09:50:40+00:00","mainEntityOfPage":{"@id":"https:\/\/catedradeltajo.es\/la-catedra-del-tajo-uclm-soliss-solicita-ser-escuchada-ante-el-consejo-de-estado\/"},"wordCount":429,"publisher":{"@id":"https:\/\/catedradeltajo.es\/#organization"},"image":{"@id":"https:\/\/catedradeltajo.es\/la-catedra-del-tajo-uclm-soliss-solicita-ser-escuchada-ante-el-consejo-de-estado\/#primaryimage"},"thumbnailUrl":"https:\/\/catedradeltajo.es\/wp-content\/uploads\/2023\/01\/Banner-doc-tencico.jpg","articleSection":["Notas de prensa"],"inLanguage":"en-US"},{"@type":"WebPage","@id":"https:\/\/catedradeltajo.es\/la-catedra-del-tajo-uclm-soliss-solicita-ser-escuchada-ante-el-consejo-de-estado\/","url":"https:\/\/catedradeltajo.es\/la-catedra-del-tajo-uclm-soliss-solicita-ser-escuchada-ante-el-consejo-de-estado\/","name":"La C\u00e1tedra del Tajo UCLM-Soliss solicita ser escuchada ante el Consejo de Estado &#8211; C\u00e1tedra del Tajo","isPartOf":{"@id":"https:\/\/catedradeltajo.es\/#website"},"primaryImageOfPage":{"@id":"https:\/\/catedradeltajo.es\/la-catedra-del-tajo-uclm-soliss-solicita-ser-escuchada-ante-el-consejo-de-estado\/#primaryimage"},"image":{"@id":"https:\/\/catedradeltajo.es\/la-catedra-del-tajo-uclm-soliss-solicita-ser-escuchada-ante-el-consejo-de-estado\/#primaryimage"},"thumbnailUrl":"https:\/\/catedradeltajo.es\/wp-content\/uploads\/2023\/01\/Banner-doc-tencico.jpg","datePublished":"2023-01-19T09:39:10+00:00","dateModified":"2023-01-19T09:50:40+00:00","breadcrumb":{"@id":"https:\/\/catedradeltajo.es\/la-catedra-del-tajo-uclm-soliss-solicita-ser-escuchada-ante-el-consejo-de-estado\/#breadcrumb"},"inLanguage":"en-US","potentialAction":[{"@type":"ReadAction","target":["https:\/\/catedradeltajo.es\/la-catedra-del-tajo-uclm-soliss-solicita-ser-escuchada-ante-el-consejo-de-estado\/"]}]},{"@type":"ImageObject","inLanguage":"en-US","@id":"https:\/\/catedradeltajo.es\/la-catedra-del-tajo-uclm-soliss-solicita-ser-escuchada-ante-el-consejo-de-estado\/#primaryimage","url":"https:\/\/catedradeltajo.es\/wp-content\/uploads\/2023\/01\/Banner-doc-tencico.jpg","contentUrl":"https:\/\/catedradeltajo.es\/wp-content\/uploads\/2023\/01\/Banner-doc-tencico.jpg","width":1600,"height":900},{"@type":"BreadcrumbList","@id":"https:\/\/catedradeltajo.es\/la-catedra-del-tajo-uclm-soliss-solicita-ser-escuchada-ante-el-consejo-de-estado\/#breadcrumb","itemListElement":[{"@type":"ListItem","position":1,"name":"Portada","item":"https:\/\/catedradeltajo.es\/"},{"@type":"ListItem","position":2,"name":"La C\u00e1tedra del Tajo UCLM-Soliss solicita ser escuchada ante el Consejo de Estado"}]},{"@type":"WebSite","@id":"https:\/\/catedradeltajo.es\/#website","url":"https:\/\/catedradeltajo.es\/","name":"Incendio de Montesi\u00f3n","description":"C\u00e1tedra sobre el r\u00edo Tajo de la UCLM y la Fundaci\u00f3n SOLISS","publisher":{"@id":"https:\/\/catedradeltajo.es\/#organization"},"potentialAction":[{"@type":"SearchAction","target":{"@type":"EntryPoint","urlTemplate":"https:\/\/catedradeltajo.es\/?s={search_term_string}"},"query-input":{"@type":"PropertyValueSpecification","valueRequired":true,"valueName":"search_term_string"}}],"inLanguage":"en-US"},{"@type":"Organization","@id":"https:\/\/catedradeltajo.es\/#organization","name":"Observatorio de la Evoluci\u00f3n del Incendio de Montesi\u00f3n","url":"https:\/\/catedradeltajo.es\/","logo":{"@type":"ImageObject","inLanguage":"en-US","@id":"https:\/\/catedradeltajo.es\/#\/schema\/logo\/image\/","url":"https:\/\/catedradeltajo.es\/wp-content\/uploads\/2021\/09\/105943627_929275060916590_5631063699459450491_n.jpg","contentUrl":"https:\/\/catedradeltajo.es\/wp-content\/uploads\/2021\/09\/105943627_929275060916590_5631063699459450491_n.jpg","width":150,"height":150,"caption":"Observatorio de la Evoluci\u00f3n del Incendio de Montesi\u00f3n"},"image":{"@id":"https:\/\/catedradeltajo.es\/#\/schema\/logo\/image\/"},"sameAs":["https:\/\/x.com\/OMontesion","https:\/\/www.instagram.com\/omontesion\/"]},{"@type":"Person","@id":"https:\/\/catedradeltajo.es\/#\/schema\/person\/e7ed333d87cc92d2fd4487ce0b78a075","name":"Beatriz"}]}},"_links":{"self":[{"href":"https:\/\/catedradeltajo.es\/en\/wp-json\/wp\/v2\/posts\/3685","targetHints":{"allow":["GET"]}}],"collection":[{"href":"https:\/\/catedradeltajo.es\/en\/wp-json\/wp\/v2\/posts"}],"about":[{"href":"https:\/\/catedradeltajo.es\/en\/wp-json\/wp\/v2\/types\/post"}],"author":[{"embeddable":true,"href":"https:\/\/catedradeltajo.es\/en\/wp-json\/wp\/v2\/users\/4"}],"replies":[{"embeddable":true,"href":"https:\/\/catedradeltajo.es\/en\/wp-json\/wp\/v2\/comments?post=3685"}],"version-history":[{"count":4,"href":"https:\/\/catedradeltajo.es\/en\/wp-json\/wp\/v2\/posts\/3685\/revisions"}],"predecessor-version":[{"id":3690,"href":"https:\/\/catedradeltajo.es\/en\/wp-json\/wp\/v2\/posts\/3685\/revisions\/3690"}],"wp:featuredmedia":[{"embeddable":true,"href":"https:\/\/catedradeltajo.es\/en\/wp-json\/wp\/v2\/media\/3691"}],"wp:attachment":[{"href":"https:\/\/catedradeltajo.es\/en\/wp-json\/wp\/v2\/media?parent=3685"}],"wp:term":[{"taxonomy":"category","embeddable":true,"href":"https:\/\/catedradeltajo.es\/en\/wp-json\/wp\/v2\/categories?post=3685"},{"taxonomy":"post_tag","embeddable":true,"href":"https:\/\/catedradeltajo.es\/en\/wp-json\/wp\/v2\/tags?post=3685"}],"curies":[{"name":"wp","href":"https:\/\/api.w.org\/{rel}","templated":true}]}}